[{"@context":"https:\/\/schema.org\/","@type":"Article","@id":"https:\/\/www.schikaneder.cz\/efektivnost-prace\/#Article","mainEntityOfPage":"https:\/\/www.schikaneder.cz\/efektivnost-prace\/","headline":"Efektivnost pr\u00e1ce","name":"Efektivnost pr\u00e1ce","description":"&#13; Efektivnost pr\u00e1ce z\u00e1vis\u00ed na r\u016fzn\u00fdch faktorech. Jednak je to samoz\u0159ejm\u011b prim\u00e1rn\u011b samotn\u00fd zam\u011bstnanec a jeho osobn\u00ed motivace, kter\u00e1 by se dala rozd\u011blit do \u010dty\u0159 skupin.&#13; &#13; &#13; &#13; 1. Pr\u00e1ce m\u011b bav\u00ed a vyd\u011bl\u00e1m si dost pen\u011bz&#13; 2. Pr\u00e1ce m\u011b bav\u00ed, ale moc si nevyd\u011bl\u00e1m&#13; 3. Pr\u00e1ce m\u011b nebav\u00ed,","datePublished":"2020-09-16","dateModified":"2023-05-11","author":{"@type":"Person","@id":"https:\/\/www.schikaneder.cz\/author\/#Person","name":"","url":"https:\/\/www.schikaneder.cz\/author\/","identifier":1,"image":{"@type":"ImageObject","@id":"https:\/\/secure.gravatar.com\/avatar\/d3163b56da0fbe010a5181dcf7396b9bd721056c768c8d190d293b864efe53fe?s=96&d=mm&r=g","url":"https:\/\/secure.gravatar.com\/avatar\/d3163b56da0fbe010a5181dcf7396b9bd721056c768c8d190d293b864efe53fe?s=96&d=mm&r=g","height":96,"width":96}},"publisher":{"@type":"Organization","name":"schikaneder.cz","logo":{"@type":"ImageObject","@id":"\/logo.png","url":"\/logo.png","width":600,"height":60}},"image":{"@type":"ImageObject","@id":"https:\/\/www.schikaneder.cz\/wp-content\/uploads\/img_a299172_w2172_t1509199716.jpg","url":"https:\/\/www.schikaneder.cz\/wp-content\/uploads\/img_a299172_w2172_t1509199716.jpg","height":0,"width":0},"url":"https:\/\/www.schikaneder.cz\/efektivnost-prace\/","about":["Business"],"wordCount":420,"articleBody":"&#13; Efektivnost pr\u00e1ce z\u00e1vis\u00ed na r\u016fzn\u00fdch faktorech. Jednak je to samoz\u0159ejm\u011b prim\u00e1rn\u011b samotn\u00fd zam\u011bstnanec a jeho osobn\u00ed motivace, kter\u00e1 by se dala rozd\u011blit do \u010dty\u0159 skupin.&#13; &#13; &#13; &#13; 1. Pr\u00e1ce m\u011b bav\u00ed a vyd\u011bl\u00e1m si dost pen\u011bz&#13; 2. Pr\u00e1ce m\u011b bav\u00ed, ale moc si nevyd\u011bl\u00e1m&#13; 3. Pr\u00e1ce m\u011b nebav\u00ed, ale vyd\u011bl\u00e1m si dost pen\u011bz&#13; 4. Pr\u00e1ce m\u011b nebav\u00ed a ani si moc nevyd\u011bl\u00e1m&#13; &#13; Je z\u0159ejm\u00e9, \u017ee efektivita pr\u00e1ce \u010dlov\u011bka ze skupiny 1 bude podstatn\u011b vy\u0161\u0161\u00ed ne\u017e u \u010dlov\u011bka ze skupiny 4. Co se t\u00fd\u010de skupiny druh\u00e9 a t\u0159et\u00ed, tam z\u00e1le\u017e\u00ed samoz\u0159ejm\u011b tak\u00e9 na \u017eivotn\u00edch priorit\u00e1ch. N\u011bkdo se r\u00e1d sm\u00ed\u0159\u00ed s nezaj\u00edmavou prac\u00ed, kdy\u017e je za ni dost pen\u011bz, n\u011bkdo se zase uskromn\u00ed v pen\u011bz\u00edch, jen aby mohl vykon\u00e1vat milovanou pr\u00e1ci.&#13; &#13; &#13; &#13; Sv\u016fj pod\u00edl na spokojenosti m\u00e1 zam\u011bstnavatel&#13; Nicm\u00e9n\u011b na efektivnosti a tak\u00e9 na motivaci pr\u00e1ce se pod\u00edl\u00ed tak\u00e9 zam\u011bstnavatel. M\u016f\u017eete m\u00edt pr\u00e1ci, kter\u00e1 zd\u00e1nliv\u011b nen\u00ed \u017e\u00e1dn\u00e9 terno ani po profesn\u00ed ani po finan\u010dn\u00ed str\u00e1nce a p\u0159esto m\u016f\u017eete chodit do pr\u00e1ce r\u00e1di a naopak m\u016f\u017eete m\u00edt pr\u00e1ci, po kter\u00e9 jste v\u017edy snili a za adekv\u00e1tn\u00ed ohodnocen\u00ed a p\u0159esto do pr\u00e1ce chod\u00edte s odporem. Hodn\u011b toti\u017e zm\u016f\u017ee zam\u011bstnavatel. To, jak se chov\u00e1, jak V\u00e1s dok\u00e1\u017ee ocenit (a nejen pr\u00e9miemi) a v neposledn\u00ed \u0159ad\u011b tak\u00e9 jak\u00e9 dok\u00e1\u017ee pro sv\u00e9 zam\u011bstnance vytvo\u0159it prost\u0159ed\u00ed. To je rozhodn\u011b velmi d\u016fle\u017eit\u00e9. M\u00edt vkusn\u00e9 a praktick\u00e9 pracovn\u00ed prost\u0159ed\u00ed s kvalitn\u00edm kancel\u00e1\u0159sk\u00fdm n\u00e1bytkem, d\u00edky kter\u00e9mu je v\u0161e na p\u0159ehledn\u00e9m m\u00edst\u011b, i to je velmi d\u016fle\u017eit\u011b a dokonce d\u016fle\u017eit\u011bj\u0161\u00ed ne\u017e se na prvn\u00ed pohled zd\u00e1.&#13; Pokud jste podnikatel, ur\u010dit\u011b byste se m\u011bl zaj\u00edmat o sv\u00e9 zam\u011bstnance a o kvalitn\u00ed vybaven\u00ed do kancel\u00e1\u0159\u00ed i provozoven. Kancel\u00e1\u0159sk\u00fd n\u00e1bytek m\u00e1 ur\u010dit\u00e1 specifika a proto je t\u0159eba nakupovat u odborn\u00edk\u016f, kte\u0159\u00ed se t\u00edmto druhem n\u00e1bytku zab\u00fdvaj\u00ed.&#13; Zaj\u00edmav\u00fd \u010dl\u00e1nek na toto t\u00e9ma najdete nap\u0159\u00edklad zde:&#13; &#13; Samoz\u0159ejm\u011b v neposledn\u00ed \u0159ad\u011b je to tak\u00e9 p\u0159\u00edjemn\u00e9 prost\u0159ed\u00ed dopln\u011bn\u00e9 decentn\u00edmi dopl\u0148ky, d\u00edky kter\u00fdm p\u016fsob\u00ed pracovi\u0161t\u011b \u00fatuln\u011bji.&#13;                                                                                                                                                                                                                                                                                                                                                                                        3.9\/5 - (9 votes)        "},{"@context":"https:\/\/schema.org\/","@type":"BreadcrumbList","itemListElement":[{"@type":"ListItem","position":1,"name":"Efektivnost pr\u00e1ce","item":"https:\/\/www.schikaneder.cz\/efektivnost-prace\/#breadcrumbitem"}]}]