[{"@context":"https:\/\/schema.org\/","@type":"Blog","@id":"https:\/\/www.schikaneder.cz#Blog","headline":"Schikaneder","description":"\nA\u0165 u\u017e je v\u00e1m na internetu zapot\u0159eb\u00ed cokoliv, u n\u00e1s to na webu najdete. A pokud ne, ur\u010dit\u011b tu naleznete alespo\u0148 n\u011bco jin\u00e9ho, co v\u00e1m ur\u010dit\u011b tak\u00e9 p\u0159ijde vhod.","url":"https:\/\/www.schikaneder.cz","hasPart":[{"@type":"Article","@id":"https:\/\/www.schikaneder.cz\/ostarine-mk-2866-vyhodny-sarm-pro-svalovou-hmaotu-a-spalovani-tuku\/","headline":"OSTARINE MK-2866: V\u00fdhodn\u00fd SARM pro Svalovou Hmaotu a Spalov\u00e1n\u00ed Tuku","url":"https:\/\/www.schikaneder.cz\/ostarine-mk-2866-vyhodny-sarm-pro-svalovou-hmaotu-a-spalovani-tuku\/","datePublished":"2023-09-19","dateModified":"2024-06-12","mainEntityOfPage":"https:\/\/www.schikaneder.cz\/ostarine-mk-2866-vyhodny-sarm-pro-svalovou-hmaotu-a-spalovani-tuku\/","author":{"@type":"Person","@id":"https:\/\/www.schikaneder.cz\/author\/#Person","name":"","url":"https:\/\/www.schikaneder.cz\/author\/","identifier":1,"image":{"@type":"ImageObject","@id":"https:\/\/secure.gravatar.com\/avatar\/d3163b56da0fbe010a5181dcf7396b9bd721056c768c8d190d293b864efe53fe?s=96&d=mm&r=g","url":"https:\/\/secure.gravatar.com\/avatar\/d3163b56da0fbe010a5181dcf7396b9bd721056c768c8d190d293b864efe53fe?s=96&d=mm&r=g","height":96,"width":96}},"publisher":{"@type":"Organization","name":"schikaneder.cz","logo":{"@type":"ImageObject","@id":"\/logo.png","url":"\/logo.png","width":600,"height":60}},"image":{"@type":"ImageObject","@id":"https:\/\/www.schikaneder.cz\/wp-content\/uploads\/produkt-foto-03-kopie-1-scaled.jpg","url":"https:\/\/www.schikaneder.cz\/wp-content\/uploads\/produkt-foto-03-kopie-1-scaled.jpg","height":0,"width":0},"wordCount":539,"keywords":null},{"@type":"Article","@id":"https:\/\/www.schikaneder.cz\/neco-co-zkratka-potrebujete\/","headline":"N\u011bco, co zkr\u00e1tka pot\u0159ebujete","url":"https:\/\/www.schikaneder.cz\/neco-co-zkratka-potrebujete\/","datePublished":"2023-09-14","dateModified":"2023-09-14","mainEntityOfPage":"https:\/\/www.schikaneder.cz\/neco-co-zkratka-potrebujete\/","author":{"@type":"Person","@id":"https:\/\/www.schikaneder.cz\/author\/#Person","name":"","url":"https:\/\/www.schikaneder.cz\/author\/","identifier":1,"image":{"@type":"ImageObject","@id":"https:\/\/secure.gravatar.com\/avatar\/d3163b56da0fbe010a5181dcf7396b9bd721056c768c8d190d293b864efe53fe?s=96&d=mm&r=g","url":"https:\/\/secure.gravatar.com\/avatar\/d3163b56da0fbe010a5181dcf7396b9bd721056c768c8d190d293b864efe53fe?s=96&d=mm&r=g","height":96,"width":96}},"publisher":{"@type":"Organization","name":"schikaneder.cz","logo":{"@type":"ImageObject","@id":"\/logo.png","url":"\/logo.png","width":600,"height":60}},"image":null,"wordCount":273,"keywords":null},{"@type":"Article","@id":"https:\/\/www.schikaneder.cz\/zlepsete-vzhled-sveho-vozidla\/","headline":"Zlep\u0161ete vzhled sv\u00e9ho vozidla","url":"https:\/\/www.schikaneder.cz\/zlepsete-vzhled-sveho-vozidla\/","datePublished":"2023-08-10","dateModified":"2023-08-10","mainEntityOfPage":"https:\/\/www.schikaneder.cz\/zlepsete-vzhled-sveho-vozidla\/","author":{"@type":"Person","@id":"https:\/\/www.schikaneder.cz\/author\/#Person","name":"","url":"https:\/\/www.schikaneder.cz\/author\/","identifier":1,"image":{"@type":"ImageObject","@id":"https:\/\/secure.gravatar.com\/avatar\/d3163b56da0fbe010a5181dcf7396b9bd721056c768c8d190d293b864efe53fe?s=96&d=mm&r=g","url":"https:\/\/secure.gravatar.com\/avatar\/d3163b56da0fbe010a5181dcf7396b9bd721056c768c8d190d293b864efe53fe?s=96&d=mm&r=g","height":96,"width":96}},"publisher":{"@type":"Organization","name":"schikaneder.cz","logo":{"@type":"ImageObject","@id":"\/logo.png","url":"\/logo.png","width":600,"height":60}},"image":null,"wordCount":297,"keywords":null},{"@type":"Article","@id":"https:\/\/www.schikaneder.cz\/cenove-dostupna-dovolena-v-ceske-republice\/","headline":"Cenov\u011b dostupn\u00e1 dovolen\u00e1 v \u010cesk\u00e9 republice","url":"https:\/\/www.schikaneder.cz\/cenove-dostupna-dovolena-v-ceske-republice\/","datePublished":"2023-07-03","dateModified":"2024-07-07","mainEntityOfPage":"https:\/\/www.schikaneder.cz\/cenove-dostupna-dovolena-v-ceske-republice\/","author":{"@type":"Person","@id":"https:\/\/www.schikaneder.cz\/author\/#Person","name":"","url":"https:\/\/www.schikaneder.cz\/author\/","identifier":1,"image":{"@type":"ImageObject","@id":"https:\/\/secure.gravatar.com\/avatar\/d3163b56da0fbe010a5181dcf7396b9bd721056c768c8d190d293b864efe53fe?s=96&d=mm&r=g","url":"https:\/\/secure.gravatar.com\/avatar\/d3163b56da0fbe010a5181dcf7396b9bd721056c768c8d190d293b864efe53fe?s=96&d=mm&r=g","height":96,"width":96}},"publisher":{"@type":"Organization","name":"schikaneder.cz","logo":{"@type":"ImageObject","@id":"\/logo.png","url":"\/logo.png","width":600,"height":60}},"image":null,"wordCount":239,"keywords":null},{"@type":"Article","@id":"https:\/\/www.schikaneder.cz\/penize-na-byt-ci-dum\/","headline":"Pen\u00edze na byt \u010di d\u016fm","url":"https:\/\/www.schikaneder.cz\/penize-na-byt-ci-dum\/","datePublished":"2023-05-29","dateModified":"2023-05-29","mainEntityOfPage":"https:\/\/www.schikaneder.cz\/penize-na-byt-ci-dum\/","author":{"@type":"Person","@id":"https:\/\/www.schikaneder.cz\/author\/#Person","name":"","url":"https:\/\/www.schikaneder.cz\/author\/","identifier":1,"image":{"@type":"ImageObject","@id":"https:\/\/secure.gravatar.com\/avatar\/d3163b56da0fbe010a5181dcf7396b9bd721056c768c8d190d293b864efe53fe?s=96&d=mm&r=g","url":"https:\/\/secure.gravatar.com\/avatar\/d3163b56da0fbe010a5181dcf7396b9bd721056c768c8d190d293b864efe53fe?s=96&d=mm&r=g","height":96,"width":96}},"publisher":{"@type":"Organization","name":"schikaneder.cz","logo":{"@type":"ImageObject","@id":"\/logo.png","url":"\/logo.png","width":600,"height":60}},"image":{"@type":"ImageObject","@id":"https:\/\/www.schikaneder.cz\/wp-content\/uploads\/dollar-1362243_1280_1.jpg","url":"https:\/\/www.schikaneder.cz\/wp-content\/uploads\/dollar-1362243_1280_1.jpg","height":0,"width":0},"wordCount":536,"keywords":null},{"@type":"Article","@id":"https:\/\/www.schikaneder.cz\/proc-prepravovat-ovocne-protlaky-v-ibc-kontejnerech\/","headline":"Pro\u010d p\u0159epravovat ovocn\u00e9 protlaky v IBC kontejnerech","url":"https:\/\/www.schikaneder.cz\/proc-prepravovat-ovocne-protlaky-v-ibc-kontejnerech\/","datePublished":"2023-05-20","dateModified":"2023-12-13","mainEntityOfPage":"https:\/\/www.schikaneder.cz\/proc-prepravovat-ovocne-protlaky-v-ibc-kontejnerech\/","author":{"@type":"Person","@id":"https:\/\/www.schikaneder.cz\/author\/#Person","name":"","url":"https:\/\/www.schikaneder.cz\/author\/","identifier":1,"image":{"@type":"ImageObject","@id":"https:\/\/secure.gravatar.com\/avatar\/d3163b56da0fbe010a5181dcf7396b9bd721056c768c8d190d293b864efe53fe?s=96&d=mm&r=g","url":"https:\/\/secure.gravatar.com\/avatar\/d3163b56da0fbe010a5181dcf7396b9bd721056c768c8d190d293b864efe53fe?s=96&d=mm&r=g","height":96,"width":96}},"publisher":{"@type":"Organization","name":"schikaneder.cz","logo":{"@type":"ImageObject","@id":"\/logo.png","url":"\/logo.png","width":600,"height":60}},"image":{"@type":"ImageObject","@id":"https:\/\/www.schikaneder.cz\/wp-content\/uploads\/apples-3580560_640.jpg","url":"https:\/\/www.schikaneder.cz\/wp-content\/uploads\/apples-3580560_640.jpg","height":0,"width":0},"wordCount":568,"keywords":null},{"@type":"Article","@id":"https:\/\/www.schikaneder.cz\/oslava-na-klic\/","headline":"Oslava na kl\u00ed\u010d","url":"https:\/\/www.schikaneder.cz\/oslava-na-klic\/","datePublished":"2023-05-12","dateModified":"2024-05-20","mainEntityOfPage":"https:\/\/www.schikaneder.cz\/oslava-na-klic\/","author":{"@type":"Person","@id":"https:\/\/www.schikaneder.cz\/author\/#Person","name":"","url":"https:\/\/www.schikaneder.cz\/author\/","identifier":1,"image":{"@type":"ImageObject","@id":"https:\/\/secure.gravatar.com\/avatar\/d3163b56da0fbe010a5181dcf7396b9bd721056c768c8d190d293b864efe53fe?s=96&d=mm&r=g","url":"https:\/\/secure.gravatar.com\/avatar\/d3163b56da0fbe010a5181dcf7396b9bd721056c768c8d190d293b864efe53fe?s=96&d=mm&r=g","height":96,"width":96}},"publisher":{"@type":"Organization","name":"schikaneder.cz","logo":{"@type":"ImageObject","@id":"\/logo.png","url":"\/logo.png","width":600,"height":60}},"image":null,"wordCount":301,"keywords":null},{"@type":"Article","@id":"https:\/\/www.schikaneder.cz\/skotsko\/","headline":"Skotsko","url":"https:\/\/www.schikaneder.cz\/skotsko\/","datePublished":"2023-05-11","dateModified":"2023-05-11","mainEntityOfPage":"https:\/\/www.schikaneder.cz\/skotsko\/","author":{"@type":"Person","@id":"https:\/\/www.schikaneder.cz\/author\/#Person","name":"","url":"https:\/\/www.schikaneder.cz\/author\/","identifier":1,"image":{"@type":"ImageObject","@id":"https:\/\/secure.gravatar.com\/avatar\/d3163b56da0fbe010a5181dcf7396b9bd721056c768c8d190d293b864efe53fe?s=96&d=mm&r=g","url":"https:\/\/secure.gravatar.com\/avatar\/d3163b56da0fbe010a5181dcf7396b9bd721056c768c8d190d293b864efe53fe?s=96&d=mm&r=g","height":96,"width":96}},"publisher":{"@type":"Organization","name":"schikaneder.cz","logo":{"@type":"ImageObject","@id":"\/logo.png","url":"\/logo.png","width":600,"height":60}},"image":{"@type":"ImageObject","@id":"https:\/\/www.schikaneder.cz\/wp-content\/uploads\/img_a342520_w2391_t1555256254.jpg","url":"https:\/\/www.schikaneder.cz\/wp-content\/uploads\/img_a342520_w2391_t1555256254.jpg","height":0,"width":0},"wordCount":503,"keywords":null},{"@type":"Article","@id":"https:\/\/www.schikaneder.cz\/lago-di-garda-jezero-snu\/","headline":"Lago di Garda, jezero sn\u016f","url":"https:\/\/www.schikaneder.cz\/lago-di-garda-jezero-snu\/","datePublished":"2023-05-11","dateModified":"2023-05-11","mainEntityOfPage":"https:\/\/www.schikaneder.cz\/lago-di-garda-jezero-snu\/","author":{"@type":"Person","@id":"https:\/\/www.schikaneder.cz\/author\/#Person","name":"","url":"https:\/\/www.schikaneder.cz\/author\/","identifier":1,"image":{"@type":"ImageObject","@id":"https:\/\/secure.gravatar.com\/avatar\/d3163b56da0fbe010a5181dcf7396b9bd721056c768c8d190d293b864efe53fe?s=96&d=mm&r=g","url":"https:\/\/secure.gravatar.com\/avatar\/d3163b56da0fbe010a5181dcf7396b9bd721056c768c8d190d293b864efe53fe?s=96&d=mm&r=g","height":96,"width":96}},"publisher":{"@type":"Organization","name":"schikaneder.cz","logo":{"@type":"ImageObject","@id":"\/logo.png","url":"\/logo.png","width":600,"height":60}},"image":{"@type":"ImageObject","@id":"https:\/\/www.schikaneder.cz\/wp-content\/uploads\/img_a338005_w1795_t1550834804.jpg","url":"https:\/\/www.schikaneder.cz\/wp-content\/uploads\/img_a338005_w1795_t1550834804.jpg","height":0,"width":0},"wordCount":465,"keywords":null},{"@type":"Article","@id":"https:\/\/www.schikaneder.cz\/kam-za-nakupy-v-praze\/","headline":"Kam za n\u00e1kupy v Praze?","url":"https:\/\/www.schikaneder.cz\/kam-za-nakupy-v-praze\/","datePublished":"2023-05-11","dateModified":"2023-05-11","mainEntityOfPage":"https:\/\/www.schikaneder.cz\/kam-za-nakupy-v-praze\/","author":{"@type":"Person","@id":"https:\/\/www.schikaneder.cz\/author\/#Person","name":"","url":"https:\/\/www.schikaneder.cz\/author\/","identifier":1,"image":{"@type":"ImageObject","@id":"https:\/\/secure.gravatar.com\/avatar\/d3163b56da0fbe010a5181dcf7396b9bd721056c768c8d190d293b864efe53fe?s=96&d=mm&r=g","url":"https:\/\/secure.gravatar.com\/avatar\/d3163b56da0fbe010a5181dcf7396b9bd721056c768c8d190d293b864efe53fe?s=96&d=mm&r=g","height":96,"width":96}},"publisher":{"@type":"Organization","name":"schikaneder.cz","logo":{"@type":"ImageObject","@id":"\/logo.png","url":"\/logo.png","width":600,"height":60}},"image":{"@type":"ImageObject","@id":"https:\/\/www.schikaneder.cz\/wp-content\/uploads\/img_a316534_w2066_t1527496633.jpg","url":"https:\/\/www.schikaneder.cz\/wp-content\/uploads\/img_a316534_w2066_t1527496633.jpg","height":0,"width":0},"wordCount":502,"keywords":null}]},{"@context":"https:\/\/schema.org","@type":"WebSite","@id":"https:\/\/www.schikaneder.cz\/#website","name":"Schikaneder","url":"https:\/\/www.schikaneder.cz","potentialAction":{"@type":"SearchAction","target":"https:\/\/www.schikaneder.cz\/?s={search_term_string}","query-input":"required name=search_term_string"}}]