[{"@context":"https:\/\/schema.org\/","@type":"Article","@id":"https:\/\/www.schikaneder.cz\/trapi-vas-ztrata-tepla-v-domacnosti\/#Article","mainEntityOfPage":"https:\/\/www.schikaneder.cz\/trapi-vas-ztrata-tepla-v-domacnosti\/","headline":"Tr\u00e1p\u00ed V\u00e1s ztr\u00e1ta tepla v dom\u00e1cnosti?","name":"Tr\u00e1p\u00ed V\u00e1s ztr\u00e1ta tepla v dom\u00e1cnosti?","description":"Bl\u00ed\u017e\u00ed se chladn\u00e9 ve\u010dery, a tak byste se doma neradi c\u00edtili jako na Sibi\u0159i? Potrp\u00edte si nejen na pohodl\u00ed ve sv\u00fdch prostor\u00e1ch, ale tak\u00e9 na vyhovuj\u00edc\u00ed okolnosti, kter\u00e9 V\u00e1m dovoluj\u00ed soust\u0159edit se na ve\u0161kerou pr\u00e1ci i relaxov\u00e1n\u00edm odpo\u010d\u00edvat? Dokon\u010dili jste pr\u00e1v\u011b rekonstrukci &#8211; \u010di z jin\u00e9ho d\u016fvodu hled\u00e1te skulinky, pop\u0159.","datePublished":"2020-09-16","dateModified":"2023-05-11","author":{"@type":"Person","@id":"https:\/\/www.schikaneder.cz\/author\/#Person","name":"","url":"https:\/\/www.schikaneder.cz\/author\/","identifier":1,"image":{"@type":"ImageObject","@id":"https:\/\/secure.gravatar.com\/avatar\/d3163b56da0fbe010a5181dcf7396b9bd721056c768c8d190d293b864efe53fe?s=96&d=mm&r=g","url":"https:\/\/secure.gravatar.com\/avatar\/d3163b56da0fbe010a5181dcf7396b9bd721056c768c8d190d293b864efe53fe?s=96&d=mm&r=g","height":96,"width":96}},"publisher":{"@type":"Organization","name":"schikaneder.cz","logo":{"@type":"ImageObject","@id":"\/logo.png","url":"\/logo.png","width":600,"height":60}},"image":{"@type":"ImageObject","@id":"https:\/\/www.schikaneder.cz\/wp-content\/uploads\/h%C5%99ejiv%C3%A1%20deka.jpg","url":"https:\/\/www.schikaneder.cz\/wp-content\/uploads\/h%C5%99ejiv%C3%A1%20deka.jpg","height":0,"width":0},"url":"https:\/\/www.schikaneder.cz\/trapi-vas-ztrata-tepla-v-domacnosti\/","about":["Business"],"wordCount":421,"articleBody":"       Bl\u00ed\u017e\u00ed se chladn\u00e9 ve\u010dery, a tak byste se doma neradi c\u00edtili jako na Sibi\u0159i? Potrp\u00edte si nejen na pohodl\u00ed ve sv\u00fdch prostor\u00e1ch, ale tak\u00e9 na vyhovuj\u00edc\u00ed okolnosti, kter\u00e9 V\u00e1m dovoluj\u00ed soust\u0159edit se na ve\u0161kerou pr\u00e1ci i relaxov\u00e1n\u00edm odpo\u010d\u00edvat? Dokon\u010dili jste pr\u00e1v\u011b rekonstrukci &#8211; \u010di z jin\u00e9ho d\u016fvodu hled\u00e1te skulinky, pop\u0159. z\u00e1le\u017eitosti, u nich\u017e by dal\u0161\u00ed investice k vylep\u0161en\u00ed jedin\u011b prosp\u011bla v kladn\u00e9m slova smyslu?A\u0165 u\u017e V\u00e1m hluboce z\u00e1le\u017e\u00ed na sv\u00e9m aktu\u00e1ln\u00edm bydli\u0161ti, nebo naopak pl\u00e1nujete svou budoucnost pro\u017e\u00edt jinde, st\u00e1le plat\u00ed, \u017ee nikdo z n\u00e1s nechce tahat po cel\u00e9m byt\u011b neust\u00e1le t\u0159i deky, budit se uprost\u0159ed noci a zaznamen\u00e1vat probl\u00e9my jin\u00fdmi zp\u016fsoby. Takov\u00e9 zt\u011b\u017euj\u00edc\u00ed podm\u00ednky, kdy neust\u00e1le poci\u0165ujete nep\u0159\u00edjemnou zimu, m\u016f\u017ee v\u00e9st nejen k zm\u00edn\u011bn\u00e9mu probouzen\u00ed se, ale tak\u00e9 nevrlosti, s n\u00ed\u017e jde nevyspalost ruku v ruce. Situace se nemus\u00ed zdaleka jevit tak v\u00e1\u017en\u00e1, nicm\u00e9n\u011b \u0159e\u0161it ji v\u010das nen\u00ed nikdy na\u0161kodu. Naopak lze p\u0159edej\u00edt postupn\u00e9mu zhor\u0161ov\u00e1n\u00ed vy\u017eaduj\u00edc\u00ed hlub\u0161\u00ed z\u00e1sahy a pochopiteln\u011b i finan\u010dn\u011b n\u00e1ro\u010dn\u011bj\u0161\u00ed variantu.Pokud se tedy domn\u00edv\u00e1te, \u017ee teplota interi\u00e9ru Va\u0161eho p\u0159\u00edbytku neodpov\u00edd\u00e1 energii z radi\u00e1tor\u016f, za ni\u017e pravideln\u011b poskytujete zna\u010dnou pen\u011b\u017en\u00ed \u010d\u00e1stku, nemus\u00edte se sm\u00ed\u0159it s vy\u0161\u0161\u00edm \u00fa\u010dtem a nechat stav postupn\u011b doj\u00edt k naprost\u00e9mu extr\u00e9mu. Kvalitn\u00ed m\u011b\u0159en\u00ed \u00faniku tepla pom\u016f\u017ee odhalit nedostatky, \u010d\u00edm\u017e se potvrd\u00ed Va\u0161e domn\u011bnky, nebo naopak uk\u00e1\u017ee, \u017ee se aktu\u00e1ln\u011b nen\u00ed d\u016fvod ob\u00e1vat, zbav\u00e1 V\u00e1s paranoi a nasm\u011bruje na p\u0159\u00edpadn\u00fd odli\u0161n\u00fd z\u00e1rodek komplikac\u00ed.Chcete-li se doma c\u00edtit jako v bavlnce, nebo V\u00e1s nebav\u00ed st\u00e1le sh\u00e1n\u011bt a pro\u017e\u00edvat dlouh\u00e1 r\u00e1na, dny, ve\u010dery i noci b\u011bhem chladn\u011bj\u0161\u00edch ro\u010dn\u00edch obdob\u00ed, kdy jste prakticky non-stop navle\u010deni mnoho vrstvavy, p\u0159ikryt\u00ed dekou apod, \u010di se dokonce styd\u00edte za \u0161patn\u00fd stav vnit\u0159ku, pak nade\u0161la ta prav\u00e1 chv\u00edle p\u0159estat se vyh\u00fdbat nutnosti podniknout n\u011bjak\u00e9 kroky k zlep\u0161en\u00ed t\u00e9to situace, kdy\u017e ji\u017e nastala, plus se z\u00e1rove\u0148 porozhl\u00e9dnout po snadn\u00e9m \u0159e\u0161en\u00ed a up\u0159esn\u011bn\u00ed pot\u00ed\u017e\u00ed.                                                                                                                                                                                                                                                                                                                                                                                          3.9\/5 - (7 votes)        "},{"@context":"https:\/\/schema.org\/","@type":"BreadcrumbList","itemListElement":[{"@type":"ListItem","position":1,"name":"Tr\u00e1p\u00ed V\u00e1s ztr\u00e1ta tepla v dom\u00e1cnosti?","item":"https:\/\/www.schikaneder.cz\/trapi-vas-ztrata-tepla-v-domacnosti\/#breadcrumbitem"}]}]